{"id":29614,"date":"2026-03-30T15:37:07","date_gmt":"2026-03-30T13:37:07","guid":{"rendered":"https:\/\/www.finqueshereu.com\/veins-conflictius-quan-es-un-problema-privat-i-quan-passa-a-ser-un-problema-de-la-comunitat\/"},"modified":"2026-04-14T13:11:34","modified_gmt":"2026-04-14T11:11:34","slug":"veins-conflictius-quan-es-un-problema-privat-i-quan-passa-a-ser-un-problema-de-la-comunitat","status":"publish","type":"post","link":"https:\/\/www.finqueshereu.com\/ca\/veins-conflictius-quan-es-un-problema-privat-i-quan-passa-a-ser-un-problema-de-la-comunitat\/","title":{"rendered":"Ve\u00efns conflictius: quan \u00e9s un problema privat i quan passa a ser un problema de la comunitat"},"content":{"rendered":"\t\t<div data-elementor-type=\"wp-post\" data-elementor-id=\"29614\" class=\"elementor elementor-29614 elementor-29580\">\n\t\t\t\t\t\t\t\t\t<section class=\"elementor-section elementor-top-section elementor-element elementor-element-2a788b3b elementor-section-boxed elementor-section-height-default elementor-section-height-default\" data-id=\"2a788b3b\" data-element_type=\"section\">\n\t\t\t\t\t\t<div class=\"elementor-container elementor-column-gap-default\">\n\t\t\t\t\t<div class=\"elementor-column elementor-col-100 elementor-top-column elementor-element elementor-element-66a72235\" data-id=\"66a72235\" data-element_type=\"column\">\n\t\t\t<div class=\"elementor-widget-wrap elementor-element-populated\">\n\t\t\t\t\t\t\t\t<div class=\"elementor-element elementor-element-78675ef3 elementor-widget elementor-widget-text-editor\" data-id=\"78675ef3\" data-element_type=\"widget\" data-widget_type=\"text-editor.default\">\n\t\t\t\t<div class=\"elementor-widget-container\">\n\t\t\t<style>\/*! elementor - v3.10.2 - 29-01-2023 *\/\n.elementor-widget-text-editor.elementor-drop-cap-view-stacked .elementor-drop-cap{background-color:#818a91;color:#fff}.elementor-widget-text-editor.elementor-drop-cap-view-framed .elementor-drop-cap{color:#818a91;border:3px solid;background-color:transparent}.elementor-widget-text-editor:not(.elementor-drop-cap-view-default) .elementor-drop-cap{margin-top:8px}.elementor-widget-text-editor:not(.elementor-drop-cap-view-default) .elementor-drop-cap-letter{width:1em;height:1em}.elementor-widget-text-editor .elementor-drop-cap{float:left;text-align:center;line-height:1;font-size:50px}.elementor-widget-text-editor .elementor-drop-cap-letter{display:inline-block}<\/style>\t\t\t\t\n          \n\n          <p>A moltes comunitats apareix tard o d&#8217;hora la mateixa situaci\u00f3: un propietari considera que t\u00e9 un ve\u00ed conflictiu i espera que la comunitat o l&#8217;administrador intervinguin.<\/p>\n          \n\n          \n\n          <p>No obstant, no tota mala conviv\u00e8ncia entre ve\u00efns justifica una actuaci\u00f3 comunit\u00e0ria. Perqu\u00e8 la comunitat hi pugui intervenir, cal que el problema transcendeixi l&#8217;\u00e0mbit privat i afecti realment el conjunt de propietaris o el funcionament normal de la finca. <\/p>\n          \n\n          \n\n          <p>Saber distingir les dues situacions \u00e9s fonamental per actuar correctament. De fet, com expliquem al nostre article sobre sorolls <a href=\"https:\/\/www.finqueshereu.com\/ca\/sorolls-a-comunitats-de-veins-com-es-gestionen-des-de-ladministracio-de-finques\/\">sorolls en comunitats de ve\u00efns i quan ha d&#8217;intervenir l&#8217;administrador<\/a>, no tota mol\u00e8stia o conflicte permet una actuaci\u00f3 per part de la comunitat. <\/p>\n          \n\n          \n\n          <h2 class=\"wp-block-heading\">Quan estem davant d&#8217;un conflicte privat entre ve\u00efns<\/h2>\n          \n\n          \n\n          <p>A la pr\u00e0ctica, molts dels conflictes que arriben a una administraci\u00f3 de finques s\u00f3n estrictament personals. Parlem de discussions entre ve\u00efns, males relacions de conviv\u00e8ncia, mol\u00e8sties puntuals, desacords sobre comportaments quotidians o enfrontaments derivats de situacions personals pr\u00e8vies. <\/p>\n          \n\n          \n\n          <p>En aquests casos, encara que la relaci\u00f3 sigui tensa, la comunitat no hi pot intervenir, ja que es tracta de q\u00fcestions privades entre particulars.<\/p>\n          \n\n          \n\n          <p>L&#8217;administrador tampoc no ho pot fer, perqu\u00e8 les seves facultats es limiten a l&#8217;\u00e0mbit comunitari i no a la gesti\u00f3 de conflictes personals entre ve\u00efns.<\/p>\n          \n\n          \n\n          <h2 class=\"wp-block-heading\">Quan passa a ser un problema de la comunitat<\/h2>\n          \n\n          \n\n          <p>La situaci\u00f3 canvia quan la conducta d&#8217;un ve\u00ed afecta objectivament l&#8217;inter\u00e8s general de la comunitat.<\/p>\n          \n\n          \n\n          <p>Aix\u00f2 passa, per exemple, quan el comportament afecta diversos ve\u00efns, hi ha reiteraci\u00f3 en el temps, s&#8217;incompleix el reglament de r\u00e8gim intern, es fa un \u00fas indegut de zones comunes o es generen mol\u00e8sties continuades que alteren de manera clara la conviv\u00e8ncia.<\/p>\n          \n\n          \n\n          <p>En aquests sup\u00f2sits, el problema deixa de ser estrictament privat i pot justificar una actuaci\u00f3 comunit\u00e0ria.<\/p>\n          \n\n          \n\n          <h2 class=\"wp-block-heading\">Quin paper hi t\u00e9 l&#8217;administrador en aquests casos<\/h2>\n          \n\n          \n\n          <p>L?administrador de finques no decideix qui t\u00e9 ra\u00f3 en un conflicte ve\u00efnal ni actua com a \u00e0rbitre entre particulars.<\/p>\n          \n\n          \n\n          <p>La seva funci\u00f3 consisteix a analitzar si el problema t\u00e9 rellev\u00e0ncia comunit\u00e0ria, assessorar la comunitat sobre si pot actuar o no, explicar quines vies s\u00f3n viables segons la normativa i garantir que qualsevol actuaci\u00f3 comunit\u00e0ria es faci correctament.<\/p>\n          \n\n          \n\n          <p>Moltes vegades, el principal valor de l&#8217;administrador est\u00e0 precisament a explicar a la comunitat quan no \u00e9s procedent intervenir i quan s\u00ed que hi ha motius suficients per fer-ho dins del marc comunitari.<\/p>\n          \n\n          \n\n          <h2 class=\"wp-block-heading\">Errors habituals en aquests casos<\/h2>\n          \n\n          \n\n          <p>Un error freq\u00fcent \u00e9s intentar que la comunitat intervingui en qualsevol conflicte personal entre els ve\u00efns. Tamb\u00e9 \u00e9s habitual assenyalar p\u00fablicament un propietari sense base suficient, portar a junt conflictes purament privats o adoptar acords sense suport legal. <\/p>\n          \n\n          \n\n          <p>No tot ve\u00ed conflictiu \u00e9s un problema de la comunitat. Perqu\u00e8 la comunitat hi pugui intervenir, hi ha d&#8217;haver una afectaci\u00f3 real a la conviv\u00e8ncia general o al funcionament normal de la finca. <\/p>\n          \n\n          <p>A Finques Hereu estem habituats a ajudar comunitats de L\u2019Hospitalet a valorar cada situaci\u00f3 amb criteri ia actuar nom\u00e9s quan realment correspon, sempre dins del marc que permet la normativa i les facultats de la pr\u00f2pia comunitat.<\/p>\n          \n\n          \n\n          <p> <\/p>\n          \n\n        \t\t\t\t\t\t<\/div>\n\t\t\t\t<\/div>\n\t\t\t\t\t<\/div>\n\t\t<\/div>\n\t\t\t\t\t\t\t<\/div>\n\t\t<\/section>\n\t\t\t\t\t\t\t<\/div>\n\t\t","protected":false},"excerpt":{"rendered":"<p>A moltes comunitats apareix tard o d&#8217;hora la mateixa situaci\u00f3: un propietari considera que t\u00e9 un ve\u00ed conflictiu i espera que la comunitat o l&#8217;administrador intervinguin. No obstant, no tota mala conviv\u00e8ncia entre ve\u00efns justifica una actuaci\u00f3 comunit\u00e0ria. Perqu\u00e8 la comunitat hi pugui intervenir, cal que el problema transcendeixi l&#8217;\u00e0mbit privat i afecti realment el&#8230;<\/p>\n","protected":false},"author":4,"featured_media":29583,"comment_status":"open","ping_status":"open","sticky":false,"template":"","format":"standard","meta":{"footnotes":""},"class_list":["post-29614","post","type-post","status-publish","format-standard","has-post-thumbnail","hentry","category-comunitat-de-propietaris"],"acf":[],"yoast_head":"<!-- This site is optimized with the Yoast SEO plugin v20.1 - https:\/\/yoast.com\/wordpress\/plugins\/seo\/ -->\n<title>Ve\u00efns conflictius: quan \u00e9s un problema privat i quan passa a ser un problema de la comunitat - Finques Hereu<\/title>\n<meta name=\"robots\" content=\"index, follow, max-snippet:-1, max-image-preview:large, max-video-preview:-1\" \/>\n<link rel=\"canonical\" href=\"https:\/\/www.finqueshereu.com\/ca\/veins-conflictius-quan-es-un-problema-privat-i-quan-passa-a-ser-un-problema-de-la-comunitat\/\" \/>\n<meta property=\"og:locale\" content=\"ca_ES\" \/>\n<meta property=\"og:type\" content=\"article\" \/>\n<meta property=\"og:title\" content=\"Ve\u00efns conflictius: quan \u00e9s un problema privat i quan passa a ser un problema de la comunitat - Finques Hereu\" \/>\n<meta property=\"og:description\" content=\"A moltes comunitats apareix tard o d&#8217;hora la mateixa situaci\u00f3: un propietari considera que t\u00e9 un ve\u00ed conflictiu i espera que la comunitat o l&#8217;administrador intervinguin. No obstant, no tota mala conviv\u00e8ncia entre ve\u00efns justifica una actuaci\u00f3 comunit\u00e0ria. Perqu\u00e8 la comunitat hi pugui intervenir, cal que el problema transcendeixi l&#8217;\u00e0mbit privat i afecti realment el...\" \/>\n<meta property=\"og:url\" content=\"https:\/\/www.finqueshereu.com\/ca\/veins-conflictius-quan-es-un-problema-privat-i-quan-passa-a-ser-un-problema-de-la-comunitat\/\" \/>\n<meta property=\"og:site_name\" content=\"Finques Hereu\" \/>\n<meta property=\"article:published_time\" content=\"2026-03-30T13:37:07+00:00\" \/>\n<meta property=\"article:modified_time\" content=\"2026-04-14T11:11:34+00:00\" \/>\n<meta property=\"og:image\" content=\"https:\/\/www.finqueshereu.com\/wp-content\/uploads\/2026\/03\/conflictos-vecinales.webp\" \/>\n\t<meta property=\"og:image:width\" content=\"1988\" \/>\n\t<meta property=\"og:image:height\" content=\"800\" \/>\n\t<meta property=\"og:image:type\" content=\"image\/webp\" \/>\n<meta name=\"author\" content=\"Pau Hereu\" \/>\n<meta name=\"twitter:card\" content=\"summary_large_image\" \/>\n<meta name=\"twitter:label1\" content=\"Escrit per\" \/>\n\t<meta name=\"twitter:data1\" content=\"Pau Hereu\" \/>\n\t<meta name=\"twitter:label2\" content=\"Temps estimat de lectura\" \/>\n\t<meta name=\"twitter:data2\" content=\"3 minuts\" \/>\n<script type=\"application\/ld+json\" class=\"yoast-schema-graph\">{\"@context\":\"https:\/\/schema.org\",\"@graph\":[{\"@type\":\"Article\",\"@id\":\"https:\/\/www.finqueshereu.com\/ca\/veins-conflictius-quan-es-un-problema-privat-i-quan-passa-a-ser-un-problema-de-la-comunitat\/#article\",\"isPartOf\":{\"@id\":\"https:\/\/www.finqueshereu.com\/ca\/veins-conflictius-quan-es-un-problema-privat-i-quan-passa-a-ser-un-problema-de-la-comunitat\/\"},\"author\":{\"name\":\"Pau Hereu\",\"@id\":\"https:\/\/www.finqueshereu.com\/#\/schema\/person\/bdbf41b12b6be68486526d99cf91045c\"},\"headline\":\"Ve\u00efns conflictius: quan \u00e9s un problema privat i quan passa a ser un problema de la comunitat\",\"datePublished\":\"2026-03-30T13:37:07+00:00\",\"dateModified\":\"2026-04-14T11:11:34+00:00\",\"mainEntityOfPage\":{\"@id\":\"https:\/\/www.finqueshereu.com\/ca\/veins-conflictius-quan-es-un-problema-privat-i-quan-passa-a-ser-un-problema-de-la-comunitat\/\"},\"wordCount\":561,\"commentCount\":0,\"publisher\":{\"@id\":\"https:\/\/www.finqueshereu.com\/#organization\"},\"articleSection\":[\"Comunitat de Propietaris\"],\"inLanguage\":\"ca\",\"potentialAction\":[{\"@type\":\"CommentAction\",\"name\":\"Comment\",\"target\":[\"https:\/\/www.finqueshereu.com\/ca\/veins-conflictius-quan-es-un-problema-privat-i-quan-passa-a-ser-un-problema-de-la-comunitat\/#respond\"]}]},{\"@type\":\"WebPage\",\"@id\":\"https:\/\/www.finqueshereu.com\/ca\/veins-conflictius-quan-es-un-problema-privat-i-quan-passa-a-ser-un-problema-de-la-comunitat\/\",\"url\":\"https:\/\/www.finqueshereu.com\/ca\/veins-conflictius-quan-es-un-problema-privat-i-quan-passa-a-ser-un-problema-de-la-comunitat\/\",\"name\":\"Ve\u00efns conflictius: quan \u00e9s un problema privat i quan passa a ser un problema de la comunitat - Finques Hereu\",\"isPartOf\":{\"@id\":\"https:\/\/www.finqueshereu.com\/#website\"},\"datePublished\":\"2026-03-30T13:37:07+00:00\",\"dateModified\":\"2026-04-14T11:11:34+00:00\",\"breadcrumb\":{\"@id\":\"https:\/\/www.finqueshereu.com\/ca\/veins-conflictius-quan-es-un-problema-privat-i-quan-passa-a-ser-un-problema-de-la-comunitat\/#breadcrumb\"},\"inLanguage\":\"ca\",\"potentialAction\":[{\"@type\":\"ReadAction\",\"target\":[\"https:\/\/www.finqueshereu.com\/ca\/veins-conflictius-quan-es-un-problema-privat-i-quan-passa-a-ser-un-problema-de-la-comunitat\/\"]}]},{\"@type\":\"BreadcrumbList\",\"@id\":\"https:\/\/www.finqueshereu.com\/ca\/veins-conflictius-quan-es-un-problema-privat-i-quan-passa-a-ser-un-problema-de-la-comunitat\/#breadcrumb\",\"itemListElement\":[{\"@type\":\"ListItem\",\"position\":1,\"name\":\"Portada\",\"item\":\"https:\/\/www.finqueshereu.com\/\"},{\"@type\":\"ListItem\",\"position\":2,\"name\":\"Ve\u00efns conflictius: quan \u00e9s un problema privat i quan passa a ser un problema de la comunitat\"}]},{\"@type\":\"WebSite\",\"@id\":\"https:\/\/www.finqueshereu.com\/#website\",\"url\":\"https:\/\/www.finqueshereu.com\/\",\"name\":\"Finques Hereu\",\"description\":\"Servicios Inmobiliarios Integrales en Barcelona\",\"publisher\":{\"@id\":\"https:\/\/www.finqueshereu.com\/#organization\"},\"potentialAction\":[{\"@type\":\"SearchAction\",\"target\":{\"@type\":\"EntryPoint\",\"urlTemplate\":\"https:\/\/www.finqueshereu.com\/?s={search_term_string}\"},\"query-input\":\"required name=search_term_string\"}],\"inLanguage\":\"ca\"},{\"@type\":\"Organization\",\"@id\":\"https:\/\/www.finqueshereu.com\/#organization\",\"name\":\"Finques Hereu\",\"url\":\"https:\/\/www.finqueshereu.com\/\",\"logo\":{\"@type\":\"ImageObject\",\"inLanguage\":\"ca\",\"@id\":\"https:\/\/www.finqueshereu.com\/#\/schema\/logo\/image\/\",\"url\":\"https:\/\/www.finqueshereu.com\/wp-content\/uploads\/2022\/08\/finques-hereu-logotipo.png\",\"contentUrl\":\"https:\/\/www.finqueshereu.com\/wp-content\/uploads\/2022\/08\/finques-hereu-logotipo.png\",\"width\":220,\"height\":68,\"caption\":\"Finques Hereu\"},\"image\":{\"@id\":\"https:\/\/www.finqueshereu.com\/#\/schema\/logo\/image\/\"}},{\"@type\":\"Person\",\"@id\":\"https:\/\/www.finqueshereu.com\/#\/schema\/person\/bdbf41b12b6be68486526d99cf91045c\",\"name\":\"Pau Hereu\",\"image\":{\"@type\":\"ImageObject\",\"inLanguage\":\"ca\",\"@id\":\"https:\/\/www.finqueshereu.com\/#\/schema\/person\/image\/\",\"url\":\"https:\/\/secure.gravatar.com\/avatar\/5201a6026a447987edc47b18074a4f9bdf8862fad4bbd7d7c6074c5dffb9c733?s=96&d=mm&r=g\",\"contentUrl\":\"https:\/\/secure.gravatar.com\/avatar\/5201a6026a447987edc47b18074a4f9bdf8862fad4bbd7d7c6074c5dffb9c733?s=96&d=mm&r=g\",\"caption\":\"Pau Hereu\"},\"description\":\"Administrador de Fincas, API y Mediador de seguros, con m\u00e1s 15 a\u00f1os de experiencia en el sector inmobiliario.\",\"url\":\"https:\/\/www.finqueshereu.com\/ca\/author\/pau\/\"}]}<\/script>\n<!-- \/ Yoast SEO plugin. -->","yoast_head_json":{"title":"Ve\u00efns conflictius: quan \u00e9s un problema privat i quan passa a ser un problema de la comunitat - Finques Hereu","robots":{"index":"index","follow":"follow","max-snippet":"max-snippet:-1","max-image-preview":"max-image-preview:large","max-video-preview":"max-video-preview:-1"},"canonical":"https:\/\/www.finqueshereu.com\/ca\/veins-conflictius-quan-es-un-problema-privat-i-quan-passa-a-ser-un-problema-de-la-comunitat\/","og_locale":"ca_ES","og_type":"article","og_title":"Ve\u00efns conflictius: quan \u00e9s un problema privat i quan passa a ser un problema de la comunitat - Finques Hereu","og_description":"A moltes comunitats apareix tard o d&#8217;hora la mateixa situaci\u00f3: un propietari considera que t\u00e9 un ve\u00ed conflictiu i espera que la comunitat o l&#8217;administrador intervinguin. No obstant, no tota mala conviv\u00e8ncia entre ve\u00efns justifica una actuaci\u00f3 comunit\u00e0ria. Perqu\u00e8 la comunitat hi pugui intervenir, cal que el problema transcendeixi l&#8217;\u00e0mbit privat i afecti realment el...","og_url":"https:\/\/www.finqueshereu.com\/ca\/veins-conflictius-quan-es-un-problema-privat-i-quan-passa-a-ser-un-problema-de-la-comunitat\/","og_site_name":"Finques Hereu","article_published_time":"2026-03-30T13:37:07+00:00","article_modified_time":"2026-04-14T11:11:34+00:00","og_image":[{"width":1988,"height":800,"url":"https:\/\/www.finqueshereu.com\/wp-content\/uploads\/2026\/03\/conflictos-vecinales.webp","type":"image\/webp"}],"author":"Pau Hereu","twitter_card":"summary_large_image","twitter_misc":{"Escrit per":"Pau Hereu","Temps estimat de lectura":"3 minuts"},"schema":{"@context":"https:\/\/schema.org","@graph":[{"@type":"Article","@id":"https:\/\/www.finqueshereu.com\/ca\/veins-conflictius-quan-es-un-problema-privat-i-quan-passa-a-ser-un-problema-de-la-comunitat\/#article","isPartOf":{"@id":"https:\/\/www.finqueshereu.com\/ca\/veins-conflictius-quan-es-un-problema-privat-i-quan-passa-a-ser-un-problema-de-la-comunitat\/"},"author":{"name":"Pau Hereu","@id":"https:\/\/www.finqueshereu.com\/#\/schema\/person\/bdbf41b12b6be68486526d99cf91045c"},"headline":"Ve\u00efns conflictius: quan \u00e9s un problema privat i quan passa a ser un problema de la comunitat","datePublished":"2026-03-30T13:37:07+00:00","dateModified":"2026-04-14T11:11:34+00:00","mainEntityOfPage":{"@id":"https:\/\/www.finqueshereu.com\/ca\/veins-conflictius-quan-es-un-problema-privat-i-quan-passa-a-ser-un-problema-de-la-comunitat\/"},"wordCount":561,"commentCount":0,"publisher":{"@id":"https:\/\/www.finqueshereu.com\/#organization"},"articleSection":["Comunitat de Propietaris"],"inLanguage":"ca","potentialAction":[{"@type":"CommentAction","name":"Comment","target":["https:\/\/www.finqueshereu.com\/ca\/veins-conflictius-quan-es-un-problema-privat-i-quan-passa-a-ser-un-problema-de-la-comunitat\/#respond"]}]},{"@type":"WebPage","@id":"https:\/\/www.finqueshereu.com\/ca\/veins-conflictius-quan-es-un-problema-privat-i-quan-passa-a-ser-un-problema-de-la-comunitat\/","url":"https:\/\/www.finqueshereu.com\/ca\/veins-conflictius-quan-es-un-problema-privat-i-quan-passa-a-ser-un-problema-de-la-comunitat\/","name":"Ve\u00efns conflictius: quan \u00e9s un problema privat i quan passa a ser un problema de la comunitat - Finques Hereu","isPartOf":{"@id":"https:\/\/www.finqueshereu.com\/#website"},"datePublished":"2026-03-30T13:37:07+00:00","dateModified":"2026-04-14T11:11:34+00:00","breadcrumb":{"@id":"https:\/\/www.finqueshereu.com\/ca\/veins-conflictius-quan-es-un-problema-privat-i-quan-passa-a-ser-un-problema-de-la-comunitat\/#breadcrumb"},"inLanguage":"ca","potentialAction":[{"@type":"ReadAction","target":["https:\/\/www.finqueshereu.com\/ca\/veins-conflictius-quan-es-un-problema-privat-i-quan-passa-a-ser-un-problema-de-la-comunitat\/"]}]},{"@type":"BreadcrumbList","@id":"https:\/\/www.finqueshereu.com\/ca\/veins-conflictius-quan-es-un-problema-privat-i-quan-passa-a-ser-un-problema-de-la-comunitat\/#breadcrumb","itemListElement":[{"@type":"ListItem","position":1,"name":"Portada","item":"https:\/\/www.finqueshereu.com\/"},{"@type":"ListItem","position":2,"name":"Ve\u00efns conflictius: quan \u00e9s un problema privat i quan passa a ser un problema de la comunitat"}]},{"@type":"WebSite","@id":"https:\/\/www.finqueshereu.com\/#website","url":"https:\/\/www.finqueshereu.com\/","name":"Finques Hereu","description":"Servicios Inmobiliarios Integrales en Barcelona","publisher":{"@id":"https:\/\/www.finqueshereu.com\/#organization"},"potentialAction":[{"@type":"SearchAction","target":{"@type":"EntryPoint","urlTemplate":"https:\/\/www.finqueshereu.com\/?s={search_term_string}"},"query-input":"required name=search_term_string"}],"inLanguage":"ca"},{"@type":"Organization","@id":"https:\/\/www.finqueshereu.com\/#organization","name":"Finques Hereu","url":"https:\/\/www.finqueshereu.com\/","logo":{"@type":"ImageObject","inLanguage":"ca","@id":"https:\/\/www.finqueshereu.com\/#\/schema\/logo\/image\/","url":"https:\/\/www.finqueshereu.com\/wp-content\/uploads\/2022\/08\/finques-hereu-logotipo.png","contentUrl":"https:\/\/www.finqueshereu.com\/wp-content\/uploads\/2022\/08\/finques-hereu-logotipo.png","width":220,"height":68,"caption":"Finques Hereu"},"image":{"@id":"https:\/\/www.finqueshereu.com\/#\/schema\/logo\/image\/"}},{"@type":"Person","@id":"https:\/\/www.finqueshereu.com\/#\/schema\/person\/bdbf41b12b6be68486526d99cf91045c","name":"Pau Hereu","image":{"@type":"ImageObject","inLanguage":"ca","@id":"https:\/\/www.finqueshereu.com\/#\/schema\/person\/image\/","url":"https:\/\/secure.gravatar.com\/avatar\/5201a6026a447987edc47b18074a4f9bdf8862fad4bbd7d7c6074c5dffb9c733?s=96&d=mm&r=g","contentUrl":"https:\/\/secure.gravatar.com\/avatar\/5201a6026a447987edc47b18074a4f9bdf8862fad4bbd7d7c6074c5dffb9c733?s=96&d=mm&r=g","caption":"Pau Hereu"},"description":"Administrador de Fincas, API y Mediador de seguros, con m\u00e1s 15 a\u00f1os de experiencia en el sector inmobiliario.","url":"https:\/\/www.finqueshereu.com\/ca\/author\/pau\/"}]}},"_edit_lock":"1776159104:1","_edit_last":"1","_aioseo_title":"","_aioseo_description":"","_aioseo_keywords":"","_aioseo_og_title":"","_aioseo_og_description":"","_aioseo_og_article_section":"","_aioseo_og_article_tags":"","_aioseo_twitter_title":"","_aioseo_twitter_description":"","custom_sidebar":"default","layout":"full","center-menus":"no","_wp_old_slug":"","_wpml_word_count":"{\"total\":568,\"to_translate\":{\"ca\":568}}","_wpml_media_featured":"1","_wpml_media_duplicate":"1","_wp_page_template":"default","rs_page_bg_color":"","_links":{"self":[{"href":"https:\/\/www.finqueshereu.com\/ca\/wp-json\/wp\/v2\/posts\/29614","targetHints":{"allow":["GET"]}}],"collection":[{"href":"https:\/\/www.finqueshereu.com\/ca\/wp-json\/wp\/v2\/posts"}],"about":[{"href":"https:\/\/www.finqueshereu.com\/ca\/wp-json\/wp\/v2\/types\/post"}],"author":[{"embeddable":true,"href":"https:\/\/www.finqueshereu.com\/ca\/wp-json\/wp\/v2\/users\/4"}],"replies":[{"embeddable":true,"href":"https:\/\/www.finqueshereu.com\/ca\/wp-json\/wp\/v2\/comments?post=29614"}],"version-history":[{"count":1,"href":"https:\/\/www.finqueshereu.com\/ca\/wp-json\/wp\/v2\/posts\/29614\/revisions"}],"predecessor-version":[{"id":29615,"href":"https:\/\/www.finqueshereu.com\/ca\/wp-json\/wp\/v2\/posts\/29614\/revisions\/29615"}],"wp:featuredmedia":[{"embeddable":true,"href":"https:\/\/www.finqueshereu.com\/ca\/wp-json\/wp\/v2\/media\/29583"}],"wp:attachment":[{"href":"https:\/\/www.finqueshereu.com\/ca\/wp-json\/wp\/v2\/media?parent=29614"}],"curies":[{"name":"wp","href":"https:\/\/api.w.org\/{rel}","templated":true}]}}