{"id":29606,"date":"2023-12-01T12:22:38","date_gmt":"2023-12-01T10:22:38","guid":{"rendered":"https:\/\/www.finqueshereu.com\/a-qui-correspon-el-manteniment-de-baranes-en-les-comunitats-de-propietaris\/"},"modified":"2026-04-14T11:45:02","modified_gmt":"2026-04-14T09:45:02","slug":"a-qui-correspon-el-manteniment-de-baranes-en-les-comunitats-de-propietaris","status":"publish","type":"post","link":"https:\/\/www.finqueshereu.com\/ca\/a-qui-correspon-el-manteniment-de-baranes-en-les-comunitats-de-propietaris\/","title":{"rendered":"A qui correspon el Manteniment de Baranes en les Comunitats de Propietaris?"},"content":{"rendered":"\n<p>Tant el Codi Civil com la Llei de Propietat Horitzontal aborden aquesta q\u00fcesti\u00f3, concretament a l&#8217;article 396 del Codi Civil, on es designa com a elements comuns les fa\u00e7anes, incloent revestiments exteriors de terrasses, balcons i finestres, aix\u00ed com elements com baranes, poetes i ampits de finestres.<\/p>\n\n<p>En abs\u00e8ncia de disposicions estatut\u00e0ries espec\u00edfiques a la comunitat, la responsabilitat del manteniment de les baranes recau en la comunitat de propietaris, llevat que es demostri un mal \u00fas per part del propietari.<\/p>\n\n<p>\u00c9s important consultar els Estatuts de la comunitat, ja que aquests complementen les disposicions generals de la Llei de propietat horitzontal. L&#8217;article 9 d&#8217;aquesta llei estableix les obligacions de cada propietari, incloent-hi el respecte a les instal\u00b7lacions generals i elements comuns, fent-ne un \u00fas adequat i evitant danys. <\/p>\n\n<p>La manca de manteniment \u00e9s un problema com\u00fa en algunes comunitats, ja que alguns propietaris descuiden les baranes dels balcons. En aquests casos, sorgeix la q\u00fcesti\u00f3 sobre qui ha d&#8217;assumir els costos de manteniment i reparaci\u00f3 d&#8217;aquestes baranes. <\/p>\n\n<p>Quan un propietari hagi de reparar la barana, ha de notificar al president o administrador de la finca per obtenir l&#8217;autoritzaci\u00f3 necess\u00e0ria. \u00c9s important destacar que el propietari no t\u00e9 el dret de modificar la imatge o la configuraci\u00f3 exterior sense l&#8217;autoritzaci\u00f3 dels altres propietaris. <\/p>\n\n<p>En el marc de la Llei de propietat horitzontal, l&#8217;article 5 permet que, per unanimitat dels propietaris, es modifiquin aspectes relacionats amb la conservaci\u00f3 i reparaci\u00f3 de les baranes. Aquesta decisi\u00f3, degudament registrada, esdev\u00e9 obligat\u00f2ria. \u00c9s aconsellable incloure detalls espec\u00edfics, com ara el color de la pintura i el format del revestiment, en actes i registres per evitar problemes futurs. La interpretaci\u00f3 d&#8217;aquesta normativa permet adaptar el manteniment de les baranes a les necessitats i els acords particulars de cada comunitat de propietaris.   <\/p>\n\n<p>El manteniment i reparaci\u00f3 de baranes \u00e9s un tema recurrent que sovint suscita disputes a les comunitats de propietaris. A Finques Hereu podem ajudar a gestionar i solucionar aquest tipus d&#8217;incid\u00e8ncies, vetllant per l&#8217;inter\u00e8s com\u00fa de la comunitat i supervisant els acords i les actuacions per complir tots els requeriments legals. <\/p>\n","protected":false},"excerpt":{"rendered":"<p>Tant el Codi Civil com la Llei de Propietat Horitzontal aborden aquesta q\u00fcesti\u00f3, concretament a l&#8217;article 396 del Codi Civil, on es designa com a elements comuns les fa\u00e7anes, incloent revestiments exteriors de terrasses, balcons i finestres, aix\u00ed com elements com baranes, poetes i ampits de finestres. En abs\u00e8ncia de disposicions estatut\u00e0ries espec\u00edfiques a la&#8230;<\/p>\n","protected":false},"author":4,"featured_media":29286,"comment_status":"open","ping_status":"open","sticky":false,"template":"","format":"standard","meta":{"footnotes":""},"class_list":["post-29606","post","type-post","status-publish","format-standard","has-post-thumbnail","hentry","category-comunitat-de-propietaris"],"acf":[],"yoast_head":"<!-- This site is optimized with the Yoast SEO plugin v20.1 - https:\/\/yoast.com\/wordpress\/plugins\/seo\/ -->\n<title>Manteniment baranes del balc\u00f3 | Finques Hereu<\/title>\n<meta name=\"description\" content=\"En aquest post expliquem a qui correspon el manteniment de les baranes del balc\u00f3, si al propietari o la comunitat.\" \/>\n<meta name=\"robots\" content=\"index, follow, max-snippet:-1, max-image-preview:large, max-video-preview:-1\" \/>\n<link rel=\"canonical\" href=\"https:\/\/www.finqueshereu.com\/ca\/a-qui-correspon-el-manteniment-de-baranes-en-les-comunitats-de-propietaris\/\" \/>\n<meta property=\"og:locale\" content=\"ca_ES\" \/>\n<meta property=\"og:type\" content=\"article\" \/>\n<meta property=\"og:title\" content=\"Manteniment baranes del balc\u00f3 | Finques Hereu\" \/>\n<meta property=\"og:description\" content=\"En aquest post expliquem a qui correspon el manteniment de les baranes del balc\u00f3, si al propietari o la comunitat.\" \/>\n<meta property=\"og:url\" content=\"https:\/\/www.finqueshereu.com\/ca\/a-qui-correspon-el-manteniment-de-baranes-en-les-comunitats-de-propietaris\/\" \/>\n<meta property=\"og:site_name\" content=\"Finques Hereu\" \/>\n<meta property=\"article:published_time\" content=\"2023-12-01T10:22:38+00:00\" \/>\n<meta property=\"article:modified_time\" content=\"2026-04-14T09:45:02+00:00\" \/>\n<meta property=\"og:image\" content=\"https:\/\/www.finqueshereu.com\/wp-content\/uploads\/2023\/12\/barandillas-terrazas-mantenimiento.webp\" \/>\n\t<meta property=\"og:image:width\" content=\"2000\" \/>\n\t<meta property=\"og:image:height\" content=\"800\" \/>\n\t<meta property=\"og:image:type\" content=\"image\/webp\" \/>\n<meta name=\"author\" content=\"Pau Hereu\" \/>\n<meta name=\"twitter:card\" content=\"summary_large_image\" \/>\n<meta name=\"twitter:label1\" content=\"Escrit per\" \/>\n\t<meta name=\"twitter:data1\" content=\"Pau Hereu\" \/>\n\t<meta name=\"twitter:label2\" content=\"Temps estimat de lectura\" \/>\n\t<meta name=\"twitter:data2\" content=\"2 minuts\" \/>\n<script type=\"application\/ld+json\" class=\"yoast-schema-graph\">{\"@context\":\"https:\/\/schema.org\",\"@graph\":[{\"@type\":\"Article\",\"@id\":\"https:\/\/www.finqueshereu.com\/ca\/a-qui-correspon-el-manteniment-de-baranes-en-les-comunitats-de-propietaris\/#article\",\"isPartOf\":{\"@id\":\"https:\/\/www.finqueshereu.com\/ca\/a-qui-correspon-el-manteniment-de-baranes-en-les-comunitats-de-propietaris\/\"},\"author\":{\"name\":\"Pau Hereu\",\"@id\":\"https:\/\/www.finqueshereu.com\/#\/schema\/person\/bdbf41b12b6be68486526d99cf91045c\"},\"headline\":\"A qui correspon el Manteniment de Baranes en les Comunitats de Propietaris?\",\"datePublished\":\"2023-12-01T10:22:38+00:00\",\"dateModified\":\"2026-04-14T09:45:02+00:00\",\"mainEntityOfPage\":{\"@id\":\"https:\/\/www.finqueshereu.com\/ca\/a-qui-correspon-el-manteniment-de-baranes-en-les-comunitats-de-propietaris\/\"},\"wordCount\":377,\"commentCount\":0,\"publisher\":{\"@id\":\"https:\/\/www.finqueshereu.com\/#organization\"},\"articleSection\":[\"Comunitat de Propietaris\"],\"inLanguage\":\"ca\",\"potentialAction\":[{\"@type\":\"CommentAction\",\"name\":\"Comment\",\"target\":[\"https:\/\/www.finqueshereu.com\/ca\/a-qui-correspon-el-manteniment-de-baranes-en-les-comunitats-de-propietaris\/#respond\"]}]},{\"@type\":\"WebPage\",\"@id\":\"https:\/\/www.finqueshereu.com\/ca\/a-qui-correspon-el-manteniment-de-baranes-en-les-comunitats-de-propietaris\/\",\"url\":\"https:\/\/www.finqueshereu.com\/ca\/a-qui-correspon-el-manteniment-de-baranes-en-les-comunitats-de-propietaris\/\",\"name\":\"Manteniment baranes del balc\u00f3 | Finques Hereu\",\"isPartOf\":{\"@id\":\"https:\/\/www.finqueshereu.com\/#website\"},\"datePublished\":\"2023-12-01T10:22:38+00:00\",\"dateModified\":\"2026-04-14T09:45:02+00:00\",\"description\":\"En aquest post expliquem a qui correspon el manteniment de les baranes del balc\u00f3, si al propietari o la comunitat.\",\"breadcrumb\":{\"@id\":\"https:\/\/www.finqueshereu.com\/ca\/a-qui-correspon-el-manteniment-de-baranes-en-les-comunitats-de-propietaris\/#breadcrumb\"},\"inLanguage\":\"ca\",\"potentialAction\":[{\"@type\":\"ReadAction\",\"target\":[\"https:\/\/www.finqueshereu.com\/ca\/a-qui-correspon-el-manteniment-de-baranes-en-les-comunitats-de-propietaris\/\"]}]},{\"@type\":\"BreadcrumbList\",\"@id\":\"https:\/\/www.finqueshereu.com\/ca\/a-qui-correspon-el-manteniment-de-baranes-en-les-comunitats-de-propietaris\/#breadcrumb\",\"itemListElement\":[{\"@type\":\"ListItem\",\"position\":1,\"name\":\"Portada\",\"item\":\"https:\/\/www.finqueshereu.com\/\"},{\"@type\":\"ListItem\",\"position\":2,\"name\":\"A qui correspon el Manteniment de Baranes en les Comunitats de Propietaris?\"}]},{\"@type\":\"WebSite\",\"@id\":\"https:\/\/www.finqueshereu.com\/#website\",\"url\":\"https:\/\/www.finqueshereu.com\/\",\"name\":\"Finques Hereu\",\"description\":\"Servicios Inmobiliarios Integrales en Barcelona\",\"publisher\":{\"@id\":\"https:\/\/www.finqueshereu.com\/#organization\"},\"potentialAction\":[{\"@type\":\"SearchAction\",\"target\":{\"@type\":\"EntryPoint\",\"urlTemplate\":\"https:\/\/www.finqueshereu.com\/?s={search_term_string}\"},\"query-input\":\"required name=search_term_string\"}],\"inLanguage\":\"ca\"},{\"@type\":\"Organization\",\"@id\":\"https:\/\/www.finqueshereu.com\/#organization\",\"name\":\"Finques Hereu\",\"url\":\"https:\/\/www.finqueshereu.com\/\",\"logo\":{\"@type\":\"ImageObject\",\"inLanguage\":\"ca\",\"@id\":\"https:\/\/www.finqueshereu.com\/#\/schema\/logo\/image\/\",\"url\":\"https:\/\/www.finqueshereu.com\/wp-content\/uploads\/2022\/08\/finques-hereu-logotipo.png\",\"contentUrl\":\"https:\/\/www.finqueshereu.com\/wp-content\/uploads\/2022\/08\/finques-hereu-logotipo.png\",\"width\":220,\"height\":68,\"caption\":\"Finques Hereu\"},\"image\":{\"@id\":\"https:\/\/www.finqueshereu.com\/#\/schema\/logo\/image\/\"}},{\"@type\":\"Person\",\"@id\":\"https:\/\/www.finqueshereu.com\/#\/schema\/person\/bdbf41b12b6be68486526d99cf91045c\",\"name\":\"Pau Hereu\",\"image\":{\"@type\":\"ImageObject\",\"inLanguage\":\"ca\",\"@id\":\"https:\/\/www.finqueshereu.com\/#\/schema\/person\/image\/\",\"url\":\"https:\/\/secure.gravatar.com\/avatar\/5201a6026a447987edc47b18074a4f9bdf8862fad4bbd7d7c6074c5dffb9c733?s=96&d=mm&r=g\",\"contentUrl\":\"https:\/\/secure.gravatar.com\/avatar\/5201a6026a447987edc47b18074a4f9bdf8862fad4bbd7d7c6074c5dffb9c733?s=96&d=mm&r=g\",\"caption\":\"Pau Hereu\"},\"description\":\"Administrador de Fincas, API y Mediador de seguros, con m\u00e1s 15 a\u00f1os de experiencia en el sector inmobiliario.\",\"url\":\"https:\/\/www.finqueshereu.com\/ca\/author\/pau\/\"}]}<\/script>\n<!-- \/ Yoast SEO plugin. -->","yoast_head_json":{"title":"Manteniment baranes del balc\u00f3 | Finques Hereu","description":"En aquest post expliquem a qui correspon el manteniment de les baranes del balc\u00f3, si al propietari o la comunitat.","robots":{"index":"index","follow":"follow","max-snippet":"max-snippet:-1","max-image-preview":"max-image-preview:large","max-video-preview":"max-video-preview:-1"},"canonical":"https:\/\/www.finqueshereu.com\/ca\/a-qui-correspon-el-manteniment-de-baranes-en-les-comunitats-de-propietaris\/","og_locale":"ca_ES","og_type":"article","og_title":"Manteniment baranes del balc\u00f3 | Finques Hereu","og_description":"En aquest post expliquem a qui correspon el manteniment de les baranes del balc\u00f3, si al propietari o la comunitat.","og_url":"https:\/\/www.finqueshereu.com\/ca\/a-qui-correspon-el-manteniment-de-baranes-en-les-comunitats-de-propietaris\/","og_site_name":"Finques Hereu","article_published_time":"2023-12-01T10:22:38+00:00","article_modified_time":"2026-04-14T09:45:02+00:00","og_image":[{"width":2000,"height":800,"url":"https:\/\/www.finqueshereu.com\/wp-content\/uploads\/2023\/12\/barandillas-terrazas-mantenimiento.webp","type":"image\/webp"}],"author":"Pau Hereu","twitter_card":"summary_large_image","twitter_misc":{"Escrit per":"Pau Hereu","Temps estimat de lectura":"2 minuts"},"schema":{"@context":"https:\/\/schema.org","@graph":[{"@type":"Article","@id":"https:\/\/www.finqueshereu.com\/ca\/a-qui-correspon-el-manteniment-de-baranes-en-les-comunitats-de-propietaris\/#article","isPartOf":{"@id":"https:\/\/www.finqueshereu.com\/ca\/a-qui-correspon-el-manteniment-de-baranes-en-les-comunitats-de-propietaris\/"},"author":{"name":"Pau Hereu","@id":"https:\/\/www.finqueshereu.com\/#\/schema\/person\/bdbf41b12b6be68486526d99cf91045c"},"headline":"A qui correspon el Manteniment de Baranes en les Comunitats de Propietaris?","datePublished":"2023-12-01T10:22:38+00:00","dateModified":"2026-04-14T09:45:02+00:00","mainEntityOfPage":{"@id":"https:\/\/www.finqueshereu.com\/ca\/a-qui-correspon-el-manteniment-de-baranes-en-les-comunitats-de-propietaris\/"},"wordCount":377,"commentCount":0,"publisher":{"@id":"https:\/\/www.finqueshereu.com\/#organization"},"articleSection":["Comunitat de Propietaris"],"inLanguage":"ca","potentialAction":[{"@type":"CommentAction","name":"Comment","target":["https:\/\/www.finqueshereu.com\/ca\/a-qui-correspon-el-manteniment-de-baranes-en-les-comunitats-de-propietaris\/#respond"]}]},{"@type":"WebPage","@id":"https:\/\/www.finqueshereu.com\/ca\/a-qui-correspon-el-manteniment-de-baranes-en-les-comunitats-de-propietaris\/","url":"https:\/\/www.finqueshereu.com\/ca\/a-qui-correspon-el-manteniment-de-baranes-en-les-comunitats-de-propietaris\/","name":"Manteniment baranes del balc\u00f3 | Finques Hereu","isPartOf":{"@id":"https:\/\/www.finqueshereu.com\/#website"},"datePublished":"2023-12-01T10:22:38+00:00","dateModified":"2026-04-14T09:45:02+00:00","description":"En aquest post expliquem a qui correspon el manteniment de les baranes del balc\u00f3, si al propietari o la comunitat.","breadcrumb":{"@id":"https:\/\/www.finqueshereu.com\/ca\/a-qui-correspon-el-manteniment-de-baranes-en-les-comunitats-de-propietaris\/#breadcrumb"},"inLanguage":"ca","potentialAction":[{"@type":"ReadAction","target":["https:\/\/www.finqueshereu.com\/ca\/a-qui-correspon-el-manteniment-de-baranes-en-les-comunitats-de-propietaris\/"]}]},{"@type":"BreadcrumbList","@id":"https:\/\/www.finqueshereu.com\/ca\/a-qui-correspon-el-manteniment-de-baranes-en-les-comunitats-de-propietaris\/#breadcrumb","itemListElement":[{"@type":"ListItem","position":1,"name":"Portada","item":"https:\/\/www.finqueshereu.com\/"},{"@type":"ListItem","position":2,"name":"A qui correspon el Manteniment de Baranes en les Comunitats de Propietaris?"}]},{"@type":"WebSite","@id":"https:\/\/www.finqueshereu.com\/#website","url":"https:\/\/www.finqueshereu.com\/","name":"Finques Hereu","description":"Servicios Inmobiliarios Integrales en Barcelona","publisher":{"@id":"https:\/\/www.finqueshereu.com\/#organization"},"potentialAction":[{"@type":"SearchAction","target":{"@type":"EntryPoint","urlTemplate":"https:\/\/www.finqueshereu.com\/?s={search_term_string}"},"query-input":"required name=search_term_string"}],"inLanguage":"ca"},{"@type":"Organization","@id":"https:\/\/www.finqueshereu.com\/#organization","name":"Finques Hereu","url":"https:\/\/www.finqueshereu.com\/","logo":{"@type":"ImageObject","inLanguage":"ca","@id":"https:\/\/www.finqueshereu.com\/#\/schema\/logo\/image\/","url":"https:\/\/www.finqueshereu.com\/wp-content\/uploads\/2022\/08\/finques-hereu-logotipo.png","contentUrl":"https:\/\/www.finqueshereu.com\/wp-content\/uploads\/2022\/08\/finques-hereu-logotipo.png","width":220,"height":68,"caption":"Finques Hereu"},"image":{"@id":"https:\/\/www.finqueshereu.com\/#\/schema\/logo\/image\/"}},{"@type":"Person","@id":"https:\/\/www.finqueshereu.com\/#\/schema\/person\/bdbf41b12b6be68486526d99cf91045c","name":"Pau Hereu","image":{"@type":"ImageObject","inLanguage":"ca","@id":"https:\/\/www.finqueshereu.com\/#\/schema\/person\/image\/","url":"https:\/\/secure.gravatar.com\/avatar\/5201a6026a447987edc47b18074a4f9bdf8862fad4bbd7d7c6074c5dffb9c733?s=96&d=mm&r=g","contentUrl":"https:\/\/secure.gravatar.com\/avatar\/5201a6026a447987edc47b18074a4f9bdf8862fad4bbd7d7c6074c5dffb9c733?s=96&d=mm&r=g","caption":"Pau Hereu"},"description":"Administrador de Fincas, API y Mediador de seguros, con m\u00e1s 15 a\u00f1os de experiencia en el sector inmobiliario.","url":"https:\/\/www.finqueshereu.com\/ca\/author\/pau\/"}]}},"_edit_lock":"1717066535:1","_edit_last":"1","_aioseo_title":"","_aioseo_description":"","_aioseo_keywords":"","_aioseo_og_title":"","_aioseo_og_description":"","_aioseo_og_article_section":"","_aioseo_og_article_tags":"","_aioseo_twitter_title":"","_aioseo_twitter_description":"","custom_sidebar":"default","layout":"full","center-menus":"no","_wp_old_slug":"","_wpml_word_count":"{\"total\":419,\"to_translate\":{\"ca\":419}}","_wpml_media_featured":"1","_wpml_media_duplicate":"1","_wp_page_template":"default","rs_page_bg_color":"","_links":{"self":[{"href":"https:\/\/www.finqueshereu.com\/ca\/wp-json\/wp\/v2\/posts\/29606","targetHints":{"allow":["GET"]}}],"collection":[{"href":"https:\/\/www.finqueshereu.com\/ca\/wp-json\/wp\/v2\/posts"}],"about":[{"href":"https:\/\/www.finqueshereu.com\/ca\/wp-json\/wp\/v2\/types\/post"}],"author":[{"embeddable":true,"href":"https:\/\/www.finqueshereu.com\/ca\/wp-json\/wp\/v2\/users\/4"}],"replies":[{"embeddable":true,"href":"https:\/\/www.finqueshereu.com\/ca\/wp-json\/wp\/v2\/comments?post=29606"}],"version-history":[{"count":1,"href":"https:\/\/www.finqueshereu.com\/ca\/wp-json\/wp\/v2\/posts\/29606\/revisions"}],"predecessor-version":[{"id":29607,"href":"https:\/\/www.finqueshereu.com\/ca\/wp-json\/wp\/v2\/posts\/29606\/revisions\/29607"}],"wp:featuredmedia":[{"embeddable":true,"href":"https:\/\/www.finqueshereu.com\/ca\/wp-json\/wp\/v2\/media\/29286"}],"wp:attachment":[{"href":"https:\/\/www.finqueshereu.com\/ca\/wp-json\/wp\/v2\/media?parent=29606"}],"curies":[{"name":"wp","href":"https:\/\/api.w.org\/{rel}","templated":true}]}}